{"id":5664,"date":"2014-12-15T17:14:42","date_gmt":"2014-12-15T16:14:42","guid":{"rendered":"http:\/\/www.studio-irresistible.com\/creation-book\/?p=5664"},"modified":"2021-01-04T09:54:04","modified_gmt":"2021-01-04T08:54:04","slug":"carte-de-voeux-institution-dfae-suisse","status":"publish","type":"post","link":"https:\/\/studio-irresistible.com\/creation-book\/projets\/carte-de-voeux-institution-dfae-suisse\/","title":{"rendered":"Carte de voeux \/ Institution DFAE Suisse"},"content":{"rendered":"<p>Carte de v\u0153ux 2015 pour l&rsquo;Ambassade de suisse en France cr\u00e9\u00e9e\u00a0par le studio irresistible dans l&rsquo;optique de la COP 21<\/p>\n<p><!--more--><\/p>\n<p><strong>Carte de\u00a0v\u0153ux,\u00a0design graphic<\/strong>\u00a0Carte de voeux officielle de l&rsquo;Ambassade de Suisse \u00e0 Paris th\u00e9matis\u00e9e sur le d\u00e9veloppement durable et la COP 21 Conf\u00e9rence sur le climat |\u00a0<strong>Photographie\u00a0<\/strong>Jean-Philippe Jutzi\u00a0| \u00a0<strong>Concept\u00a0<\/strong>J\u00e9r\u00f4me Liniger\u00a0| <strong>Project Managers<\/strong>\u00a0Jean-Philippe Jutzi\u00a0avec\u00a0Blandine Pierre,\u00a0Elka Schteiner |\u00a0<b>Design graphic\u00a0and<\/b>\u00a0<strong>Agency<\/strong> Studio Irresistible |\u00a0<strong>Client<\/strong>\u00a0Ambassade de Suisse, Paris \u2013 DFAE\u00a0|\u00a0<strong>Creation\u00a0<\/strong>Paris 2014<\/p>\n<p>&nbsp;<\/p>\n<a href=\"http:\/\/www.studio-irresistible.com\/creation-book\/wp-content\/uploads\/2015\/01\/studio-irresistible_graphic-design_ambassade-suisse-carte-de-voeux031.jpg\" data-rel=\"lightbox-image-0\" data-rl_title=\"\" data-rl_caption=\"\" title=\"\"><img loading=\"lazy\" decoding=\"async\" class=\"alignnone size-full wp-image-5666\" src=\"http:\/\/www.studio-irresistible.com\/creation-book\/wp-content\/uploads\/2015\/01\/studio-irresistible_graphic-design_ambassade-suisse-carte-de-voeux031.jpg\" alt=\"studio-irresistible_graphic-design_ambassade-suisse-carte-de-voeux03\" width=\"800\" height=\"800\" srcset=\"https:\/\/studio-irresistible.com\/creation-book\/wp-content\/uploads\/2015\/01\/studio-irresistible_graphic-design_ambassade-suisse-carte-de-voeux031.jpg 800w, https:\/\/studio-irresistible.com\/creation-book\/wp-content\/uploads\/2015\/01\/studio-irresistible_graphic-design_ambassade-suisse-carte-de-voeux031-150x150.jpg 150w, https:\/\/studio-irresistible.com\/creation-book\/wp-content\/uploads\/2015\/01\/studio-irresistible_graphic-design_ambassade-suisse-carte-de-voeux031-300x300.jpg 300w, https:\/\/studio-irresistible.com\/creation-book\/wp-content\/uploads\/2015\/01\/studio-irresistible_graphic-design_ambassade-suisse-carte-de-voeux031-600x600.jpg 600w, https:\/\/studio-irresistible.com\/creation-book\/wp-content\/uploads\/2015\/01\/studio-irresistible_graphic-design_ambassade-suisse-carte-de-voeux031-200x200.jpg 200w, https:\/\/studio-irresistible.com\/creation-book\/wp-content\/uploads\/2015\/01\/studio-irresistible_graphic-design_ambassade-suisse-carte-de-voeux031-430x430.jpg 430w, https:\/\/studio-irresistible.com\/creation-book\/wp-content\/uploads\/2015\/01\/studio-irresistible_graphic-design_ambassade-suisse-carte-de-voeux031-660x660.jpg 660w, https:\/\/studio-irresistible.com\/creation-book\/wp-content\/uploads\/2015\/01\/studio-irresistible_graphic-design_ambassade-suisse-carte-de-voeux031-620x620.jpg 620w\" sizes=\"auto, (max-width: 800px) 100vw, 800px\" \/><\/a> <a href=\"http:\/\/www.studio-irresistible.com\/creation-book\/wp-content\/uploads\/2015\/01\/studio-irresistible_graphic-design_ambassade-suisse-carte-de-voeux0691.jpg\" data-rel=\"lightbox-image-1\" data-rl_title=\"\" data-rl_caption=\"\" title=\"\"><img loading=\"lazy\" decoding=\"async\" class=\"alignnone size-full wp-image-5669\" src=\"http:\/\/www.studio-irresistible.com\/creation-book\/wp-content\/uploads\/2015\/01\/studio-irresistible_graphic-design_ambassade-suisse-carte-de-voeux0691.jpg\" alt=\"Carte-de-voeux_04_final.indd\" width=\"800\" height=\"800\" srcset=\"https:\/\/studio-irresistible.com\/creation-book\/wp-content\/uploads\/2015\/01\/studio-irresistible_graphic-design_ambassade-suisse-carte-de-voeux0691.jpg 800w, https:\/\/studio-irresistible.com\/creation-book\/wp-content\/uploads\/2015\/01\/studio-irresistible_graphic-design_ambassade-suisse-carte-de-voeux0691-150x150.jpg 150w, https:\/\/studio-irresistible.com\/creation-book\/wp-content\/uploads\/2015\/01\/studio-irresistible_graphic-design_ambassade-suisse-carte-de-voeux0691-300x300.jpg 300w, https:\/\/studio-irresistible.com\/creation-book\/wp-content\/uploads\/2015\/01\/studio-irresistible_graphic-design_ambassade-suisse-carte-de-voeux0691-600x600.jpg 600w, https:\/\/studio-irresistible.com\/creation-book\/wp-content\/uploads\/2015\/01\/studio-irresistible_graphic-design_ambassade-suisse-carte-de-voeux0691-200x200.jpg 200w, https:\/\/studio-irresistible.com\/creation-book\/wp-content\/uploads\/2015\/01\/studio-irresistible_graphic-design_ambassade-suisse-carte-de-voeux0691-430x430.jpg 430w, https:\/\/studio-irresistible.com\/creation-book\/wp-content\/uploads\/2015\/01\/studio-irresistible_graphic-design_ambassade-suisse-carte-de-voeux0691-660x660.jpg 660w, https:\/\/studio-irresistible.com\/creation-book\/wp-content\/uploads\/2015\/01\/studio-irresistible_graphic-design_ambassade-suisse-carte-de-voeux0691-620x620.jpg 620w\" sizes=\"auto, (max-width: 800px) 100vw, 800px\" \/><\/a>\n<img loading=\"lazy\" decoding=\"async\" class=\"alignnone size-full wp-image-5665\" src=\"http:\/\/www.studio-irresistible.com\/creation-book\/wp-content\/uploads\/2015\/01\/studio-irresistible_graphic-design_ambassade-suisse-carte-de-voeux011.jpg\" alt=\"studio-irresistible_graphic-design_ambassade-suisse-carte-de-voeux01\" width=\"800\" height=\"800\" srcset=\"https:\/\/studio-irresistible.com\/creation-book\/wp-content\/uploads\/2015\/01\/studio-irresistible_graphic-design_ambassade-suisse-carte-de-voeux011.jpg 800w, https:\/\/studio-irresistible.com\/creation-book\/wp-content\/uploads\/2015\/01\/studio-irresistible_graphic-design_ambassade-suisse-carte-de-voeux011-150x150.jpg 150w, https:\/\/studio-irresistible.com\/creation-book\/wp-content\/uploads\/2015\/01\/studio-irresistible_graphic-design_ambassade-suisse-carte-de-voeux011-300x300.jpg 300w, https:\/\/studio-irresistible.com\/creation-book\/wp-content\/uploads\/2015\/01\/studio-irresistible_graphic-design_ambassade-suisse-carte-de-voeux011-600x600.jpg 600w, https:\/\/studio-irresistible.com\/creation-book\/wp-content\/uploads\/2015\/01\/studio-irresistible_graphic-design_ambassade-suisse-carte-de-voeux011-200x200.jpg 200w, https:\/\/studio-irresistible.com\/creation-book\/wp-content\/uploads\/2015\/01\/studio-irresistible_graphic-design_ambassade-suisse-carte-de-voeux011-430x430.jpg 430w, https:\/\/studio-irresistible.com\/creation-book\/wp-content\/uploads\/2015\/01\/studio-irresistible_graphic-design_ambassade-suisse-carte-de-voeux011-660x660.jpg 660w, https:\/\/studio-irresistible.com\/creation-book\/wp-content\/uploads\/2015\/01\/studio-irresistible_graphic-design_ambassade-suisse-carte-de-voeux011-620x620.jpg 620w\" sizes=\"auto, (max-width: 800px) 100vw, 800px\" \/>\n<p>&nbsp;<\/p>\n<p>&nbsp;<\/p>\n","protected":false},"excerpt":{"rendered":"<p>Carte de v\u0153ux 2015 pour l&rsquo;Ambassade de suisse en France cr\u00e9\u00e9e\u00a0par le studio irresistible dans l&rsquo;optique de la COP 21<\/p>\n","protected":false},"author":1,"featured_media":5667,"comment_status":"closed","ping_status":"closed","sticky":false,"template":"","format":"standard","meta":{"_acf_changed":false,"_uag_custom_page_level_css":"","footnotes":""},"categories":[16,6,2,10],"tags":[],"class_list":["post-5664","post","type-post","status-publish","format-standard","has-post-thumbnail","hentry","category-projets","category-outils-imprimes","category-01-design-graphique","category-references"],"acf":[],"yoast_head":"<!-- This site is optimized with the Yoast SEO plugin v27.5 - https:\/\/yoast.com\/product\/yoast-seo-wordpress\/ -->\n<title>Carte de voeux \/ Institution DFAE Suisse - studio-irresistible - le book<\/title>\n<meta name=\"robots\" content=\"index, follow, max-snippet:-1, max-image-preview:large, max-video-preview:-1\" \/>\n<link rel=\"canonical\" href=\"https:\/\/studio-irresistible.com\/creation-book\/projets\/carte-de-voeux-institution-dfae-suisse\/\" \/>\n<meta property=\"og:locale\" content=\"fr_FR\" \/>\n<meta property=\"og:type\" content=\"article\" \/>\n<meta property=\"og:title\" content=\"Carte de voeux \/ Institution DFAE Suisse - studio-irresistible - le book\" \/>\n<meta property=\"og:description\" content=\"Carte de v\u0153ux 2015 pour l&rsquo;Ambassade de suisse en France cr\u00e9\u00e9e\u00a0par le studio irresistible dans l&rsquo;optique de la COP 21\" \/>\n<meta property=\"og:url\" content=\"https:\/\/studio-irresistible.com\/creation-book\/projets\/carte-de-voeux-institution-dfae-suisse\/\" \/>\n<meta property=\"og:site_name\" content=\"studio-irresistible - le book\" \/>\n<meta property=\"article:published_time\" content=\"2014-12-15T16:14:42+00:00\" \/>\n<meta property=\"article:modified_time\" content=\"2021-01-04T08:54:04+00:00\" \/>\n<meta property=\"og:image\" content=\"https:\/\/studio-irresistible.com\/creation-book\/wp-content\/uploads\/2015\/01\/studio-irresistible_graphic-design_ambassade-suisse-carte-de-voeux041.jpg\" \/>\n\t<meta property=\"og:image:width\" content=\"800\" \/>\n\t<meta property=\"og:image:height\" content=\"800\" \/>\n\t<meta property=\"og:image:type\" content=\"image\/jpeg\" \/>\n<meta name=\"author\" content=\"irresistible\" \/>\n<meta name=\"twitter:card\" content=\"summary_large_image\" \/>\n<meta name=\"twitter:label1\" content=\"\u00c9crit par\" \/>\n\t<meta name=\"twitter:data1\" content=\"irresistible\" \/>\n<script type=\"application\/ld+json\" class=\"yoast-schema-graph\">{\"@context\":\"https:\\\/\\\/schema.org\",\"@graph\":[{\"@type\":\"Article\",\"@id\":\"https:\\\/\\\/studio-irresistible.com\\\/creation-book\\\/projets\\\/carte-de-voeux-institution-dfae-suisse\\\/#article\",\"isPartOf\":{\"@id\":\"https:\\\/\\\/studio-irresistible.com\\\/creation-book\\\/projets\\\/carte-de-voeux-institution-dfae-suisse\\\/\"},\"author\":{\"name\":\"irresistible\",\"@id\":\"https:\\\/\\\/studio-irresistible.com\\\/creation-book\\\/#\\\/schema\\\/person\\\/26af5d28c3bb0d86fe93b0c3506fb886\"},\"headline\":\"Carte de voeux \\\/ Institution DFAE Suisse\",\"datePublished\":\"2014-12-15T16:14:42+00:00\",\"dateModified\":\"2021-01-04T08:54:04+00:00\",\"mainEntityOfPage\":{\"@id\":\"https:\\\/\\\/studio-irresistible.com\\\/creation-book\\\/projets\\\/carte-de-voeux-institution-dfae-suisse\\\/\"},\"wordCount\":95,\"image\":{\"@id\":\"https:\\\/\\\/studio-irresistible.com\\\/creation-book\\\/projets\\\/carte-de-voeux-institution-dfae-suisse\\\/#primaryimage\"},\"thumbnailUrl\":\"https:\\\/\\\/studio-irresistible.com\\\/creation-book\\\/wp-content\\\/uploads\\\/2015\\\/01\\\/studio-irresistible_graphic-design_ambassade-suisse-carte-de-voeux041.jpg\",\"articleSection\":[\"Projets\",\"Prints\",\"Graphic design\",\"R\u00e9f\u00e9rences\"],\"inLanguage\":\"fr-FR\"},{\"@type\":\"WebPage\",\"@id\":\"https:\\\/\\\/studio-irresistible.com\\\/creation-book\\\/projets\\\/carte-de-voeux-institution-dfae-suisse\\\/\",\"url\":\"https:\\\/\\\/studio-irresistible.com\\\/creation-book\\\/projets\\\/carte-de-voeux-institution-dfae-suisse\\\/\",\"name\":\"Carte de voeux \\\/ Institution DFAE Suisse - studio-irresistible - le book\",\"isPartOf\":{\"@id\":\"https:\\\/\\\/studio-irresistible.com\\\/creation-book\\\/#website\"},\"primaryImageOfPage\":{\"@id\":\"https:\\\/\\\/studio-irresistible.com\\\/creation-book\\\/projets\\\/carte-de-voeux-institution-dfae-suisse\\\/#primaryimage\"},\"image\":{\"@id\":\"https:\\\/\\\/studio-irresistible.com\\\/creation-book\\\/projets\\\/carte-de-voeux-institution-dfae-suisse\\\/#primaryimage\"},\"thumbnailUrl\":\"https:\\\/\\\/studio-irresistible.com\\\/creation-book\\\/wp-content\\\/uploads\\\/2015\\\/01\\\/studio-irresistible_graphic-design_ambassade-suisse-carte-de-voeux041.jpg\",\"datePublished\":\"2014-12-15T16:14:42+00:00\",\"dateModified\":\"2021-01-04T08:54:04+00:00\",\"author\":{\"@id\":\"https:\\\/\\\/studio-irresistible.com\\\/creation-book\\\/#\\\/schema\\\/person\\\/26af5d28c3bb0d86fe93b0c3506fb886\"},\"breadcrumb\":{\"@id\":\"https:\\\/\\\/studio-irresistible.com\\\/creation-book\\\/projets\\\/carte-de-voeux-institution-dfae-suisse\\\/#breadcrumb\"},\"inLanguage\":\"fr-FR\",\"potentialAction\":[{\"@type\":\"ReadAction\",\"target\":[\"https:\\\/\\\/studio-irresistible.com\\\/creation-book\\\/projets\\\/carte-de-voeux-institution-dfae-suisse\\\/\"]}]},{\"@type\":\"ImageObject\",\"inLanguage\":\"fr-FR\",\"@id\":\"https:\\\/\\\/studio-irresistible.com\\\/creation-book\\\/projets\\\/carte-de-voeux-institution-dfae-suisse\\\/#primaryimage\",\"url\":\"https:\\\/\\\/studio-irresistible.com\\\/creation-book\\\/wp-content\\\/uploads\\\/2015\\\/01\\\/studio-irresistible_graphic-design_ambassade-suisse-carte-de-voeux041.jpg\",\"contentUrl\":\"https:\\\/\\\/studio-irresistible.com\\\/creation-book\\\/wp-content\\\/uploads\\\/2015\\\/01\\\/studio-irresistible_graphic-design_ambassade-suisse-carte-de-voeux041.jpg\",\"width\":800,\"height\":800},{\"@type\":\"BreadcrumbList\",\"@id\":\"https:\\\/\\\/studio-irresistible.com\\\/creation-book\\\/projets\\\/carte-de-voeux-institution-dfae-suisse\\\/#breadcrumb\",\"itemListElement\":[{\"@type\":\"ListItem\",\"position\":1,\"name\":\"Accueil\",\"item\":\"https:\\\/\\\/studio-irresistible.com\\\/creation-book\\\/\"},{\"@type\":\"ListItem\",\"position\":2,\"name\":\"Carte de voeux \\\/ Institution DFAE Suisse\"}]},{\"@type\":\"WebSite\",\"@id\":\"https:\\\/\\\/studio-irresistible.com\\\/creation-book\\\/#website\",\"url\":\"https:\\\/\\\/studio-irresistible.com\\\/creation-book\\\/\",\"name\":\"studio-irresistible - le book\",\"description\":\"studio de cr\u00e9ation graphique \u00e0 Paris\",\"potentialAction\":[{\"@type\":\"SearchAction\",\"target\":{\"@type\":\"EntryPoint\",\"urlTemplate\":\"https:\\\/\\\/studio-irresistible.com\\\/creation-book\\\/?s={search_term_string}\"},\"query-input\":{\"@type\":\"PropertyValueSpecification\",\"valueRequired\":true,\"valueName\":\"search_term_string\"}}],\"inLanguage\":\"fr-FR\"},{\"@type\":\"Person\",\"@id\":\"https:\\\/\\\/studio-irresistible.com\\\/creation-book\\\/#\\\/schema\\\/person\\\/26af5d28c3bb0d86fe93b0c3506fb886\",\"name\":\"irresistible\",\"url\":\"https:\\\/\\\/studio-irresistible.com\\\/creation-book\\\/projets\\\/author\\\/irresistible\\\/\"}]}<\/script>\n<!-- \/ Yoast SEO plugin. -->","yoast_head_json":{"title":"Carte de voeux \/ Institution DFAE Suisse - studio-irresistible - le book","robots":{"index":"index","follow":"follow","max-snippet":"max-snippet:-1","max-image-preview":"max-image-preview:large","max-video-preview":"max-video-preview:-1"},"canonical":"https:\/\/studio-irresistible.com\/creation-book\/projets\/carte-de-voeux-institution-dfae-suisse\/","og_locale":"fr_FR","og_type":"article","og_title":"Carte de voeux \/ Institution DFAE Suisse - studio-irresistible - le book","og_description":"Carte de v\u0153ux 2015 pour l&rsquo;Ambassade de suisse en France cr\u00e9\u00e9e\u00a0par le studio irresistible dans l&rsquo;optique de la COP 21","og_url":"https:\/\/studio-irresistible.com\/creation-book\/projets\/carte-de-voeux-institution-dfae-suisse\/","og_site_name":"studio-irresistible - le book","article_published_time":"2014-12-15T16:14:42+00:00","article_modified_time":"2021-01-04T08:54:04+00:00","og_image":[{"width":800,"height":800,"url":"https:\/\/studio-irresistible.com\/creation-book\/wp-content\/uploads\/2015\/01\/studio-irresistible_graphic-design_ambassade-suisse-carte-de-voeux041.jpg","type":"image\/jpeg"}],"author":"irresistible","twitter_card":"summary_large_image","twitter_misc":{"\u00c9crit par":"irresistible"},"schema":{"@context":"https:\/\/schema.org","@graph":[{"@type":"Article","@id":"https:\/\/studio-irresistible.com\/creation-book\/projets\/carte-de-voeux-institution-dfae-suisse\/#article","isPartOf":{"@id":"https:\/\/studio-irresistible.com\/creation-book\/projets\/carte-de-voeux-institution-dfae-suisse\/"},"author":{"name":"irresistible","@id":"https:\/\/studio-irresistible.com\/creation-book\/#\/schema\/person\/26af5d28c3bb0d86fe93b0c3506fb886"},"headline":"Carte de voeux \/ Institution DFAE Suisse","datePublished":"2014-12-15T16:14:42+00:00","dateModified":"2021-01-04T08:54:04+00:00","mainEntityOfPage":{"@id":"https:\/\/studio-irresistible.com\/creation-book\/projets\/carte-de-voeux-institution-dfae-suisse\/"},"wordCount":95,"image":{"@id":"https:\/\/studio-irresistible.com\/creation-book\/projets\/carte-de-voeux-institution-dfae-suisse\/#primaryimage"},"thumbnailUrl":"https:\/\/studio-irresistible.com\/creation-book\/wp-content\/uploads\/2015\/01\/studio-irresistible_graphic-design_ambassade-suisse-carte-de-voeux041.jpg","articleSection":["Projets","Prints","Graphic design","R\u00e9f\u00e9rences"],"inLanguage":"fr-FR"},{"@type":"WebPage","@id":"https:\/\/studio-irresistible.com\/creation-book\/projets\/carte-de-voeux-institution-dfae-suisse\/","url":"https:\/\/studio-irresistible.com\/creation-book\/projets\/carte-de-voeux-institution-dfae-suisse\/","name":"Carte de voeux \/ Institution DFAE Suisse - studio-irresistible - le book","isPartOf":{"@id":"https:\/\/studio-irresistible.com\/creation-book\/#website"},"primaryImageOfPage":{"@id":"https:\/\/studio-irresistible.com\/creation-book\/projets\/carte-de-voeux-institution-dfae-suisse\/#primaryimage"},"image":{"@id":"https:\/\/studio-irresistible.com\/creation-book\/projets\/carte-de-voeux-institution-dfae-suisse\/#primaryimage"},"thumbnailUrl":"https:\/\/studio-irresistible.com\/creation-book\/wp-content\/uploads\/2015\/01\/studio-irresistible_graphic-design_ambassade-suisse-carte-de-voeux041.jpg","datePublished":"2014-12-15T16:14:42+00:00","dateModified":"2021-01-04T08:54:04+00:00","author":{"@id":"https:\/\/studio-irresistible.com\/creation-book\/#\/schema\/person\/26af5d28c3bb0d86fe93b0c3506fb886"},"breadcrumb":{"@id":"https:\/\/studio-irresistible.com\/creation-book\/projets\/carte-de-voeux-institution-dfae-suisse\/#breadcrumb"},"inLanguage":"fr-FR","potentialAction":[{"@type":"ReadAction","target":["https:\/\/studio-irresistible.com\/creation-book\/projets\/carte-de-voeux-institution-dfae-suisse\/"]}]},{"@type":"ImageObject","inLanguage":"fr-FR","@id":"https:\/\/studio-irresistible.com\/creation-book\/projets\/carte-de-voeux-institution-dfae-suisse\/#primaryimage","url":"https:\/\/studio-irresistible.com\/creation-book\/wp-content\/uploads\/2015\/01\/studio-irresistible_graphic-design_ambassade-suisse-carte-de-voeux041.jpg","contentUrl":"https:\/\/studio-irresistible.com\/creation-book\/wp-content\/uploads\/2015\/01\/studio-irresistible_graphic-design_ambassade-suisse-carte-de-voeux041.jpg","width":800,"height":800},{"@type":"BreadcrumbList","@id":"https:\/\/studio-irresistible.com\/creation-book\/projets\/carte-de-voeux-institution-dfae-suisse\/#breadcrumb","itemListElement":[{"@type":"ListItem","position":1,"name":"Accueil","item":"https:\/\/studio-irresistible.com\/creation-book\/"},{"@type":"ListItem","position":2,"name":"Carte de voeux \/ Institution DFAE Suisse"}]},{"@type":"WebSite","@id":"https:\/\/studio-irresistible.com\/creation-book\/#website","url":"https:\/\/studio-irresistible.com\/creation-book\/","name":"studio-irresistible - le book","description":"studio de cr\u00e9ation graphique \u00e0 Paris","potentialAction":[{"@type":"SearchAction","target":{"@type":"EntryPoint","urlTemplate":"https:\/\/studio-irresistible.com\/creation-book\/?s={search_term_string}"},"query-input":{"@type":"PropertyValueSpecification","valueRequired":true,"valueName":"search_term_string"}}],"inLanguage":"fr-FR"},{"@type":"Person","@id":"https:\/\/studio-irresistible.com\/creation-book\/#\/schema\/person\/26af5d28c3bb0d86fe93b0c3506fb886","name":"irresistible","url":"https:\/\/studio-irresistible.com\/creation-book\/projets\/author\/irresistible\/"}]}},"uagb_featured_image_src":{"full":["https:\/\/studio-irresistible.com\/creation-book\/wp-content\/uploads\/2015\/01\/studio-irresistible_graphic-design_ambassade-suisse-carte-de-voeux041.jpg",800,800,false],"thumbnail":["https:\/\/studio-irresistible.com\/creation-book\/wp-content\/uploads\/2015\/01\/studio-irresistible_graphic-design_ambassade-suisse-carte-de-voeux041-150x150.jpg",150,150,true],"medium":["https:\/\/studio-irresistible.com\/creation-book\/wp-content\/uploads\/2015\/01\/studio-irresistible_graphic-design_ambassade-suisse-carte-de-voeux041-300x300.jpg",300,300,true],"medium_large":["https:\/\/studio-irresistible.com\/creation-book\/wp-content\/uploads\/2015\/01\/studio-irresistible_graphic-design_ambassade-suisse-carte-de-voeux041.jpg",768,768,false],"large":["https:\/\/studio-irresistible.com\/creation-book\/wp-content\/uploads\/2015\/01\/studio-irresistible_graphic-design_ambassade-suisse-carte-de-voeux041.jpg",800,800,false],"1536x1536":["https:\/\/studio-irresistible.com\/creation-book\/wp-content\/uploads\/2015\/01\/studio-irresistible_graphic-design_ambassade-suisse-carte-de-voeux041.jpg",800,800,false],"2048x2048":["https:\/\/studio-irresistible.com\/creation-book\/wp-content\/uploads\/2015\/01\/studio-irresistible_graphic-design_ambassade-suisse-carte-de-voeux041.jpg",800,800,false],"mailpoet_newsletter_max":["https:\/\/studio-irresistible.com\/creation-book\/wp-content\/uploads\/2015\/01\/studio-irresistible_graphic-design_ambassade-suisse-carte-de-voeux041.jpg",800,800,false],"menu-24x24":["https:\/\/studio-irresistible.com\/creation-book\/wp-content\/uploads\/2015\/01\/studio-irresistible_graphic-design_ambassade-suisse-carte-de-voeux041.jpg",24,24,false],"menu-36x36":["https:\/\/studio-irresistible.com\/creation-book\/wp-content\/uploads\/2015\/01\/studio-irresistible_graphic-design_ambassade-suisse-carte-de-voeux041.jpg",36,36,false],"menu-48x48":["https:\/\/studio-irresistible.com\/creation-book\/wp-content\/uploads\/2015\/01\/studio-irresistible_graphic-design_ambassade-suisse-carte-de-voeux041.jpg",48,48,false]},"uagb_author_info":{"display_name":"irresistible","author_link":"https:\/\/studio-irresistible.com\/creation-book\/projets\/author\/irresistible\/"},"uagb_comment_info":0,"uagb_excerpt":"Carte de v\u0153ux 2015 pour l&rsquo;Ambassade de suisse en France cr\u00e9\u00e9e\u00a0par le studio irresistible dans l&rsquo;optique de la COP 21","_links":{"self":[{"href":"https:\/\/studio-irresistible.com\/creation-book\/wp-json\/wp\/v2\/posts\/5664","targetHints":{"allow":["GET"]}}],"collection":[{"href":"https:\/\/studio-irresistible.com\/creation-book\/wp-json\/wp\/v2\/posts"}],"about":[{"href":"https:\/\/studio-irresistible.com\/creation-book\/wp-json\/wp\/v2\/types\/post"}],"author":[{"embeddable":true,"href":"https:\/\/studio-irresistible.com\/creation-book\/wp-json\/wp\/v2\/users\/1"}],"replies":[{"embeddable":true,"href":"https:\/\/studio-irresistible.com\/creation-book\/wp-json\/wp\/v2\/comments?post=5664"}],"version-history":[{"count":0,"href":"https:\/\/studio-irresistible.com\/creation-book\/wp-json\/wp\/v2\/posts\/5664\/revisions"}],"wp:featuredmedia":[{"embeddable":true,"href":"https:\/\/studio-irresistible.com\/creation-book\/wp-json\/wp\/v2\/media\/5667"}],"wp:attachment":[{"href":"https:\/\/studio-irresistible.com\/creation-book\/wp-json\/wp\/v2\/media?parent=5664"}],"wp:term":[{"taxonomy":"category","embeddable":true,"href":"https:\/\/studio-irresistible.com\/creation-book\/wp-json\/wp\/v2\/categories?post=5664"},{"taxonomy":"post_tag","embeddable":true,"href":"https:\/\/studio-irresistible.com\/creation-book\/wp-json\/wp\/v2\/tags?post=5664"}],"curies":[{"name":"wp","href":"https:\/\/api.w.org\/{rel}","templated":true}]}}